{"id":65,"date":"2019-12-02T08:32:41","date_gmt":"2019-12-02T08:32:41","guid":{"rendered":"https:\/\/www.commwithus.eu\/references\/?p=65"},"modified":"2019-12-03T12:07:47","modified_gmt":"2019-12-03T12:07:47","slug":"appui-a-la-communication-appropriation-du-processus-de-la-decentralisation-en-tunisie-europeaid-139696-dh-ser-tn","status":"publish","type":"post","link":"https:\/\/www.commwithus.eu\/references\/appui-a-la-communication-appropriation-du-processus-de-la-decentralisation-en-tunisie-europeaid-139696-dh-ser-tn\/","title":{"rendered":"Appui \u00e0 la Communication\/Appropriation du processus de la d\u00e9centralisation en Tunisie&#8217; &#8211; EuropeAid \/139696\/DH\/SER\/TN"},"content":{"rendered":"<p style=\"text-align: justify;\">Les objectifs poursuivis de l&#8217;assistance technique sont les suivants :<\/p>\n<table width=\"0\">\n<tbody>\n<tr>\n<td width=\"20\"><span class=\"theme_color\">&gt;<\/span><\/td>\n<td width=\"569\">Elaborer une strat\u00e9gie de communication (y inclus un plan d&#8217;action) \u00e0 vocation nationale, portant (i) sur l&#8217;Initiative Pilote de D\u00e9veloppement Local Int\u00e9gr\u00e9\/IPDLI, (ii) sur la r\u00e9forme de d\u00e9centralisation dans son ensemble, afin d&#8217;en am\u00e9liorer la connaissance et favoriser l&#8217;appropriation par ses acteurs et b\u00e9n\u00e9ficiaires;<\/td>\n<\/tr>\n<tr>\n<td width=\"20\"><span class=\"theme_color\">&gt;<\/span><\/td>\n<td width=\"569\">Accompagner les acteurs concern\u00e9s avec la production d&#8217;outils et instruments pour la mise en \u0153uvre du plan d&#8217;action \u00e9labor\u00e9;<\/td>\n<\/tr>\n<tr>\n<td width=\"20\"><span class=\"theme_color\">&gt;<\/span><\/td>\n<td width=\"569\">Les activit\u00e9s attendues, \u00e0 titre indicatif, sont les suivants :<\/td>\n<\/tr>\n<tr>\n<td width=\"20\"><span class=\"theme_color\">&gt;<\/span><\/td>\n<td width=\"569\">l&#8217;inventaire et l&#8217;analyse des actions de communication sur la d\u00e9centralisation, en cours et programm\u00e9es, au plan national et local;<\/td>\n<\/tr>\n<tr>\n<td width=\"20\"><span class=\"theme_color\">&gt;<\/span><\/td>\n<td width=\"569\">l&#8217;identification et l&#8217;analyse des besoins et capacit\u00e9s de r\u00e9ponse de l&#8217;IPAPD ainsi que des principaux acteurs institutionnels nationaux et locaux de la d\u00e9centralisation\/d\u00e9concentration en mati\u00e8re de communication;<\/td>\n<\/tr>\n<td width=\"20\"><span class=\"theme_color\">&gt;<\/span><\/td>\n<td width=\"569\">l&#8217;identification et l&#8217;analyse des besoins des citoyens des collectivit\u00e9s et des Organisations de la Soci\u00e9t\u00e9 Civile (et pour celles-ci de leurs capacit\u00e9s de r\u00e9ponse) en termes d&#8217;information;<\/td>\n<\/tr>\n<\/tr>\n<td width=\"20\"><span class=\"theme_color\">&gt;<\/span><\/td>\n<td width=\"569\">la conception des objectifs, types d&#8217;activit\u00e9s, messages, moyens, outils et instruments \u00e0 d\u00e9ployer au cours de la campagne.<\/td>\n<\/tr>\n<\/tbody>\n<\/table>\n<p>&nbsp;<\/p>\n<table width=\"0\">\n<tbody>\n<tr>\n<td style=\"border-left: 0.5px #ff6633 solid;\" width=\"247\"><span class=\"theme_color\">Dates<\/span><\/td>\n<td style=\"border-left: 0.5px #ff6633 solid;\" width=\"282\"><span class=\"theme_color\">Country<\/span><\/td>\n<td style=\"border-left: 0.5px #ff6633 solid;\" width=\"282\"><span class=\"theme_color\">Budget<\/span><\/td>\n<td style=\"border-left: 0.5px #ff6633 solid;\" width=\"247\"><span class=\"theme_color\">Funding<\/span><\/td>\n<\/tr>\n<tr>\n<td width=\"247\"><span class=\"theme_color\">&gt;<\/span> 01\/2020-12\/2022<\/td>\n<td width=\"282\"><span class=\"theme_color\">&gt;<\/span> Tunisia<\/td>\n<td width=\"282\"><span class=\"theme_color\">&gt;<\/span> EUR 2.855.000<\/td>\n<td width=\"247\"><span class=\"theme_color\">&gt;<\/span> EC<\/td>\n<\/tr>\n<\/tbody>\n<\/table>\n<p>&nbsp;<\/p>\n<div class=\"cs-element cstheme-gallery-container clearfix cstheme-shortcode\" style=\"margin-bottom:;\"><div class=\"cstheme-gallery clearfix col3\" style=\"margin: -5px;\"><div class=\"gallery_item col-md-4\"  style=\"padding:5px\"><a class=\"swipebox\" href=\"https:\/\/www.commwithus.eu\/references\/wp-content\/uploads\/2019\/12\/5-scaled.jpg\" title=\"5\"><img decoding=\"async\" src=\"https:\/\/www.commwithus.eu\/references\/wp-content\/uploads\/2019\/12\/5-scaled.jpg\" alt=\"Appui \u00e0 la Communication\/Appropriation du processus de la d\u00e9centralisation en Tunisie&#8217; &#8211; EuropeAid \/139696\/DH\/SER\/TN\" \/><span class=\"gallery_zoom\"><\/span><\/a><\/div><div class=\"gallery_item col-md-4\"  style=\"padding:5px\"><a class=\"swipebox\" href=\"https:\/\/www.commwithus.eu\/references\/wp-content\/uploads\/2019\/12\/35113935442_5772d3e2d2_h.jpg\" title=\"35113935442_5772d3e2d2_h\"><img decoding=\"async\" src=\"https:\/\/www.commwithus.eu\/references\/wp-content\/uploads\/2019\/12\/35113935442_5772d3e2d2_h.jpg\" alt=\"Appui \u00e0 la Communication\/Appropriation du processus de la d\u00e9centralisation en Tunisie&#8217; &#8211; EuropeAid \/139696\/DH\/SER\/TN\" \/><span class=\"gallery_zoom\"><\/span><\/a><\/div><div class=\"gallery_item col-md-4\"  style=\"padding:5px\"><a class=\"swipebox\" href=\"https:\/\/www.commwithus.eu\/references\/wp-content\/uploads\/2019\/12\/EuropeDay2019_Tiraspol-211.jpg\" title=\"EuropeDay2019_Tiraspol (211)\"><img decoding=\"async\" src=\"https:\/\/www.commwithus.eu\/references\/wp-content\/uploads\/2019\/12\/EuropeDay2019_Tiraspol-211.jpg\" alt=\"Appui \u00e0 la Communication\/Appropriation du processus de la d\u00e9centralisation en Tunisie&#8217; &#8211; EuropeAid \/139696\/DH\/SER\/TN\" \/><span class=\"gallery_zoom\"><\/span><\/a><\/div><div class=\"gallery_item col-md-4\"  style=\"padding:5px\"><a class=\"swipebox\" href=\"https:\/\/www.commwithus.eu\/references\/wp-content\/uploads\/2019\/12\/IMG_9756-scaled.jpg\" title=\"IMG_9756\"><img decoding=\"async\" src=\"https:\/\/www.commwithus.eu\/references\/wp-content\/uploads\/2019\/12\/IMG_9756-scaled.jpg\" alt=\"Appui \u00e0 la Communication\/Appropriation du processus de la d\u00e9centralisation en Tunisie&#8217; &#8211; EuropeAid \/139696\/DH\/SER\/TN\" \/><span class=\"gallery_zoom\"><\/span><\/a><\/div><div class=\"gallery_item col-md-4\"  style=\"padding:5px\"><a class=\"swipebox\" href=\"https:\/\/www.commwithus.eu\/references\/wp-content\/uploads\/2019\/12\/NORM-3-scaled.jpeg\" title=\"NORM (3)\"><img decoding=\"async\" src=\"https:\/\/www.commwithus.eu\/references\/wp-content\/uploads\/2019\/12\/NORM-3-scaled.jpeg\" alt=\"Appui \u00e0 la Communication\/Appropriation du processus de la d\u00e9centralisation en Tunisie&#8217; &#8211; EuropeAid \/139696\/DH\/SER\/TN\" \/><span class=\"gallery_zoom\"><\/span><\/a><\/div><div class=\"gallery_item col-md-4\"  style=\"padding:5px\"><a class=\"swipebox\" href=\"https:\/\/www.commwithus.eu\/references\/wp-content\/uploads\/2019\/12\/United-16.jpg\" title=\"United-16\"><img decoding=\"async\" src=\"https:\/\/www.commwithus.eu\/references\/wp-content\/uploads\/2019\/12\/United-16.jpg\" alt=\"Appui \u00e0 la Communication\/Appropriation du processus de la d\u00e9centralisation en Tunisie&#8217; &#8211; EuropeAid \/139696\/DH\/SER\/TN\" \/><span class=\"gallery_zoom\"><\/span><\/a><\/div><\/div><\/div>\n","protected":false},"excerpt":{"rendered":"<p>Les objectifs poursuivis de l&#8217;assistance technique sont les suivants : &gt; Elaborer une strat\u00e9gie de communication (y inclus un plan d&#8217;action) \u00e0 vocation nationale, portant (i) sur l&#8217;Initiative Pilote de D\u00e9veloppement Local Int\u00e9gr\u00e9\/IPDLI, (ii) sur la r\u00e9forme de d\u00e9centralisation dans son ensemble, afin d&#8217;en am\u00e9liorer la connaissance et favoriser l&#8217;appropriation par ses acteurs et b\u00e9n\u00e9ficiaires; [&hellip;]<\/p>\n","protected":false},"author":1,"featured_media":66,"comment_status":"open","ping_status":"open","sticky":false,"template":"","format":"standard","meta":{"footnotes":""},"categories":[2],"tags":[],"class_list":["post-65","post","type-post","status-publish","format-standard","has-post-thumbnail","hentry","category-projects"],"aioseo_notices":[],"aioseo_head":"\n\t\t<!-- All in One SEO 4.9.9 - aioseo.com -->\n\t<meta name=\"robots\" content=\"max-image-preview:large\" \/>\n\t<meta name=\"author\" content=\"admin\"\/>\n\t<link rel=\"canonical\" href=\"https:\/\/www.commwithus.eu\/references\/appui-a-la-communication-appropriation-du-processus-de-la-decentralisation-en-tunisie-europeaid-139696-dh-ser-tn\/\" \/>\n\t<meta name=\"generator\" content=\"All in One SEO (AIOSEO) 4.9.9\" \/>\n\t\t<meta property=\"og:locale\" content=\"en_US\" \/>\n\t\t<meta property=\"og:site_name\" content=\"CommWithUs SA | Brussels-Belgium | We link messages to life\" \/>\n\t\t<meta property=\"og:type\" content=\"article\" \/>\n\t\t<meta property=\"og:title\" content=\"Appui \u00e0 la Communication\/Appropriation du processus de la d\u00e9centralisation en Tunisie\u2019 \u2013 EuropeAid \/139696\/DH\/SER\/TN | CommWithUs SA | Brussels-Belgium\" \/>\n\t\t<meta property=\"og:url\" content=\"https:\/\/www.commwithus.eu\/references\/appui-a-la-communication-appropriation-du-processus-de-la-decentralisation-en-tunisie-europeaid-139696-dh-ser-tn\/\" \/>\n\t\t<meta property=\"article:published_time\" content=\"2019-12-02T08:32:41+00:00\" \/>\n\t\t<meta property=\"article:modified_time\" content=\"2019-12-03T12:07:47+00:00\" \/>\n\t\t<meta name=\"twitter:card\" content=\"summary\" \/>\n\t\t<meta name=\"twitter:title\" content=\"Appui \u00e0 la Communication\/Appropriation du processus de la d\u00e9centralisation en Tunisie\u2019 \u2013 EuropeAid \/139696\/DH\/SER\/TN | CommWithUs SA | Brussels-Belgium\" \/>\n\t\t<script type=\"application\/ld+json\" class=\"aioseo-schema\">\n\t\t\t{\"@context\":\"https:\\\/\\\/schema.org\",\"@graph\":[{\"@type\":\"Article\",\"@id\":\"https:\\\/\\\/www.commwithus.eu\\\/references\\\/appui-a-la-communication-appropriation-du-processus-de-la-decentralisation-en-tunisie-europeaid-139696-dh-ser-tn\\\/#article\",\"name\":\"Appui \\u00e0 la Communication\\\/Appropriation du processus de la d\\u00e9centralisation en Tunisie\\u2019 \\u2013 EuropeAid \\\/139696\\\/DH\\\/SER\\\/TN | CommWithUs SA | Brussels-Belgium\",\"headline\":\"Appui \\u00e0 la Communication\\\/Appropriation du processus de la d\\u00e9centralisation en Tunisie&#8217; &#8211; EuropeAid \\\/139696\\\/DH\\\/SER\\\/TN\",\"author\":{\"@id\":\"https:\\\/\\\/www.commwithus.eu\\\/references\\\/author\\\/admin\\\/#author\"},\"publisher\":{\"@id\":\"https:\\\/\\\/www.commwithus.eu\\\/references\\\/#organization\"},\"image\":{\"@type\":\"ImageObject\",\"url\":\"https:\\\/\\\/www.commwithus.eu\\\/references\\\/wp-content\\\/uploads\\\/2019\\\/12\\\/project4.jpg\",\"width\":1600,\"height\":1067},\"datePublished\":\"2019-12-02T08:32:41+00:00\",\"dateModified\":\"2019-12-03T12:07:47+00:00\",\"inLanguage\":\"en-US\",\"mainEntityOfPage\":{\"@id\":\"https:\\\/\\\/www.commwithus.eu\\\/references\\\/appui-a-la-communication-appropriation-du-processus-de-la-decentralisation-en-tunisie-europeaid-139696-dh-ser-tn\\\/#webpage\"},\"isPartOf\":{\"@id\":\"https:\\\/\\\/www.commwithus.eu\\\/references\\\/appui-a-la-communication-appropriation-du-processus-de-la-decentralisation-en-tunisie-europeaid-139696-dh-ser-tn\\\/#webpage\"},\"articleSection\":\"Projects\"},{\"@type\":\"BreadcrumbList\",\"@id\":\"https:\\\/\\\/www.commwithus.eu\\\/references\\\/appui-a-la-communication-appropriation-du-processus-de-la-decentralisation-en-tunisie-europeaid-139696-dh-ser-tn\\\/#breadcrumblist\",\"itemListElement\":[{\"@type\":\"ListItem\",\"@id\":\"https:\\\/\\\/www.commwithus.eu\\\/references#listItem\",\"position\":1,\"name\":\"Home\",\"item\":\"https:\\\/\\\/www.commwithus.eu\\\/references\",\"nextItem\":{\"@type\":\"ListItem\",\"@id\":\"https:\\\/\\\/www.commwithus.eu\\\/references\\\/category\\\/projects\\\/#listItem\",\"name\":\"Projects\"}},{\"@type\":\"ListItem\",\"@id\":\"https:\\\/\\\/www.commwithus.eu\\\/references\\\/category\\\/projects\\\/#listItem\",\"position\":2,\"name\":\"Projects\",\"item\":\"https:\\\/\\\/www.commwithus.eu\\\/references\\\/category\\\/projects\\\/\",\"nextItem\":{\"@type\":\"ListItem\",\"@id\":\"https:\\\/\\\/www.commwithus.eu\\\/references\\\/appui-a-la-communication-appropriation-du-processus-de-la-decentralisation-en-tunisie-europeaid-139696-dh-ser-tn\\\/#listItem\",\"name\":\"Appui \\u00e0 la Communication\\\/Appropriation du processus de la d\\u00e9centralisation en Tunisie&#8217; &#8211; EuropeAid \\\/139696\\\/DH\\\/SER\\\/TN\"},\"previousItem\":{\"@type\":\"ListItem\",\"@id\":\"https:\\\/\\\/www.commwithus.eu\\\/references#listItem\",\"name\":\"Home\"}},{\"@type\":\"ListItem\",\"@id\":\"https:\\\/\\\/www.commwithus.eu\\\/references\\\/appui-a-la-communication-appropriation-du-processus-de-la-decentralisation-en-tunisie-europeaid-139696-dh-ser-tn\\\/#listItem\",\"position\":3,\"name\":\"Appui \\u00e0 la Communication\\\/Appropriation du processus de la d\\u00e9centralisation en Tunisie&#8217; &#8211; EuropeAid \\\/139696\\\/DH\\\/SER\\\/TN\",\"previousItem\":{\"@type\":\"ListItem\",\"@id\":\"https:\\\/\\\/www.commwithus.eu\\\/references\\\/category\\\/projects\\\/#listItem\",\"name\":\"Projects\"}}]},{\"@type\":\"Organization\",\"@id\":\"https:\\\/\\\/www.commwithus.eu\\\/references\\\/#organization\",\"name\":\"CommWithUs SA | Brussels-Belgium\",\"description\":\"We link messages to life\",\"url\":\"https:\\\/\\\/www.commwithus.eu\\\/references\\\/\"},{\"@type\":\"Person\",\"@id\":\"https:\\\/\\\/www.commwithus.eu\\\/references\\\/author\\\/admin\\\/#author\",\"url\":\"https:\\\/\\\/www.commwithus.eu\\\/references\\\/author\\\/admin\\\/\",\"name\":\"admin\",\"image\":{\"@type\":\"ImageObject\",\"@id\":\"https:\\\/\\\/www.commwithus.eu\\\/references\\\/appui-a-la-communication-appropriation-du-processus-de-la-decentralisation-en-tunisie-europeaid-139696-dh-ser-tn\\\/#authorImage\",\"url\":\"https:\\\/\\\/secure.gravatar.com\\\/avatar\\\/e3997739709f11a8145359c09b1d6eb59ebe1427bb90e84b1822580b72f3ba8e?s=96&d=mm&r=g\",\"width\":96,\"height\":96,\"caption\":\"admin\"}},{\"@type\":\"WebPage\",\"@id\":\"https:\\\/\\\/www.commwithus.eu\\\/references\\\/appui-a-la-communication-appropriation-du-processus-de-la-decentralisation-en-tunisie-europeaid-139696-dh-ser-tn\\\/#webpage\",\"url\":\"https:\\\/\\\/www.commwithus.eu\\\/references\\\/appui-a-la-communication-appropriation-du-processus-de-la-decentralisation-en-tunisie-europeaid-139696-dh-ser-tn\\\/\",\"name\":\"Appui \\u00e0 la Communication\\\/Appropriation du processus de la d\\u00e9centralisation en Tunisie\\u2019 \\u2013 EuropeAid \\\/139696\\\/DH\\\/SER\\\/TN | CommWithUs SA | Brussels-Belgium\",\"inLanguage\":\"en-US\",\"isPartOf\":{\"@id\":\"https:\\\/\\\/www.commwithus.eu\\\/references\\\/#website\"},\"breadcrumb\":{\"@id\":\"https:\\\/\\\/www.commwithus.eu\\\/references\\\/appui-a-la-communication-appropriation-du-processus-de-la-decentralisation-en-tunisie-europeaid-139696-dh-ser-tn\\\/#breadcrumblist\"},\"author\":{\"@id\":\"https:\\\/\\\/www.commwithus.eu\\\/references\\\/author\\\/admin\\\/#author\"},\"creator\":{\"@id\":\"https:\\\/\\\/www.commwithus.eu\\\/references\\\/author\\\/admin\\\/#author\"},\"image\":{\"@type\":\"ImageObject\",\"url\":\"https:\\\/\\\/www.commwithus.eu\\\/references\\\/wp-content\\\/uploads\\\/2019\\\/12\\\/project4.jpg\",\"@id\":\"https:\\\/\\\/www.commwithus.eu\\\/references\\\/appui-a-la-communication-appropriation-du-processus-de-la-decentralisation-en-tunisie-europeaid-139696-dh-ser-tn\\\/#mainImage\",\"width\":1600,\"height\":1067},\"primaryImageOfPage\":{\"@id\":\"https:\\\/\\\/www.commwithus.eu\\\/references\\\/appui-a-la-communication-appropriation-du-processus-de-la-decentralisation-en-tunisie-europeaid-139696-dh-ser-tn\\\/#mainImage\"},\"datePublished\":\"2019-12-02T08:32:41+00:00\",\"dateModified\":\"2019-12-03T12:07:47+00:00\"},{\"@type\":\"WebSite\",\"@id\":\"https:\\\/\\\/www.commwithus.eu\\\/references\\\/#website\",\"url\":\"https:\\\/\\\/www.commwithus.eu\\\/references\\\/\",\"name\":\"CommWithUs SA | Brussels-Belgium\",\"description\":\"We link messages to life\",\"inLanguage\":\"en-US\",\"publisher\":{\"@id\":\"https:\\\/\\\/www.commwithus.eu\\\/references\\\/#organization\"}}]}\n\t\t<\/script>\n\t\t<!-- All in One SEO -->\n\n","aioseo_head_json":{"title":"Appui \u00e0 la Communication\/Appropriation du processus de la d\u00e9centralisation en Tunisie\u2019 \u2013 EuropeAid \/139696\/DH\/SER\/TN | CommWithUs SA | Brussels-Belgium","description":"","canonical_url":"https:\/\/www.commwithus.eu\/references\/appui-a-la-communication-appropriation-du-processus-de-la-decentralisation-en-tunisie-europeaid-139696-dh-ser-tn\/","robots":"max-image-preview:large","keywords":"","webmasterTools":{"miscellaneous":""},"schema":{"@context":"https:\/\/schema.org","@graph":[{"@type":"Article","@id":"https:\/\/www.commwithus.eu\/references\/appui-a-la-communication-appropriation-du-processus-de-la-decentralisation-en-tunisie-europeaid-139696-dh-ser-tn\/#article","name":"Appui \u00e0 la Communication\/Appropriation du processus de la d\u00e9centralisation en Tunisie\u2019 \u2013 EuropeAid \/139696\/DH\/SER\/TN | CommWithUs SA | Brussels-Belgium","headline":"Appui \u00e0 la Communication\/Appropriation du processus de la d\u00e9centralisation en Tunisie&#8217; &#8211; EuropeAid \/139696\/DH\/SER\/TN","author":{"@id":"https:\/\/www.commwithus.eu\/references\/author\/admin\/#author"},"publisher":{"@id":"https:\/\/www.commwithus.eu\/references\/#organization"},"image":{"@type":"ImageObject","url":"https:\/\/www.commwithus.eu\/references\/wp-content\/uploads\/2019\/12\/project4.jpg","width":1600,"height":1067},"datePublished":"2019-12-02T08:32:41+00:00","dateModified":"2019-12-03T12:07:47+00:00","inLanguage":"en-US","mainEntityOfPage":{"@id":"https:\/\/www.commwithus.eu\/references\/appui-a-la-communication-appropriation-du-processus-de-la-decentralisation-en-tunisie-europeaid-139696-dh-ser-tn\/#webpage"},"isPartOf":{"@id":"https:\/\/www.commwithus.eu\/references\/appui-a-la-communication-appropriation-du-processus-de-la-decentralisation-en-tunisie-europeaid-139696-dh-ser-tn\/#webpage"},"articleSection":"Projects"},{"@type":"BreadcrumbList","@id":"https:\/\/www.commwithus.eu\/references\/appui-a-la-communication-appropriation-du-processus-de-la-decentralisation-en-tunisie-europeaid-139696-dh-ser-tn\/#breadcrumblist","itemListElement":[{"@type":"ListItem","@id":"https:\/\/www.commwithus.eu\/references#listItem","position":1,"name":"Home","item":"https:\/\/www.commwithus.eu\/references","nextItem":{"@type":"ListItem","@id":"https:\/\/www.commwithus.eu\/references\/category\/projects\/#listItem","name":"Projects"}},{"@type":"ListItem","@id":"https:\/\/www.commwithus.eu\/references\/category\/projects\/#listItem","position":2,"name":"Projects","item":"https:\/\/www.commwithus.eu\/references\/category\/projects\/","nextItem":{"@type":"ListItem","@id":"https:\/\/www.commwithus.eu\/references\/appui-a-la-communication-appropriation-du-processus-de-la-decentralisation-en-tunisie-europeaid-139696-dh-ser-tn\/#listItem","name":"Appui \u00e0 la Communication\/Appropriation du processus de la d\u00e9centralisation en Tunisie&#8217; &#8211; EuropeAid \/139696\/DH\/SER\/TN"},"previousItem":{"@type":"ListItem","@id":"https:\/\/www.commwithus.eu\/references#listItem","name":"Home"}},{"@type":"ListItem","@id":"https:\/\/www.commwithus.eu\/references\/appui-a-la-communication-appropriation-du-processus-de-la-decentralisation-en-tunisie-europeaid-139696-dh-ser-tn\/#listItem","position":3,"name":"Appui \u00e0 la Communication\/Appropriation du processus de la d\u00e9centralisation en Tunisie&#8217; &#8211; EuropeAid \/139696\/DH\/SER\/TN","previousItem":{"@type":"ListItem","@id":"https:\/\/www.commwithus.eu\/references\/category\/projects\/#listItem","name":"Projects"}}]},{"@type":"Organization","@id":"https:\/\/www.commwithus.eu\/references\/#organization","name":"CommWithUs SA | Brussels-Belgium","description":"We link messages to life","url":"https:\/\/www.commwithus.eu\/references\/"},{"@type":"Person","@id":"https:\/\/www.commwithus.eu\/references\/author\/admin\/#author","url":"https:\/\/www.commwithus.eu\/references\/author\/admin\/","name":"admin","image":{"@type":"ImageObject","@id":"https:\/\/www.commwithus.eu\/references\/appui-a-la-communication-appropriation-du-processus-de-la-decentralisation-en-tunisie-europeaid-139696-dh-ser-tn\/#authorImage","url":"https:\/\/secure.gravatar.com\/avatar\/e3997739709f11a8145359c09b1d6eb59ebe1427bb90e84b1822580b72f3ba8e?s=96&d=mm&r=g","width":96,"height":96,"caption":"admin"}},{"@type":"WebPage","@id":"https:\/\/www.commwithus.eu\/references\/appui-a-la-communication-appropriation-du-processus-de-la-decentralisation-en-tunisie-europeaid-139696-dh-ser-tn\/#webpage","url":"https:\/\/www.commwithus.eu\/references\/appui-a-la-communication-appropriation-du-processus-de-la-decentralisation-en-tunisie-europeaid-139696-dh-ser-tn\/","name":"Appui \u00e0 la Communication\/Appropriation du processus de la d\u00e9centralisation en Tunisie\u2019 \u2013 EuropeAid \/139696\/DH\/SER\/TN | CommWithUs SA | Brussels-Belgium","inLanguage":"en-US","isPartOf":{"@id":"https:\/\/www.commwithus.eu\/references\/#website"},"breadcrumb":{"@id":"https:\/\/www.commwithus.eu\/references\/appui-a-la-communication-appropriation-du-processus-de-la-decentralisation-en-tunisie-europeaid-139696-dh-ser-tn\/#breadcrumblist"},"author":{"@id":"https:\/\/www.commwithus.eu\/references\/author\/admin\/#author"},"creator":{"@id":"https:\/\/www.commwithus.eu\/references\/author\/admin\/#author"},"image":{"@type":"ImageObject","url":"https:\/\/www.commwithus.eu\/references\/wp-content\/uploads\/2019\/12\/project4.jpg","@id":"https:\/\/www.commwithus.eu\/references\/appui-a-la-communication-appropriation-du-processus-de-la-decentralisation-en-tunisie-europeaid-139696-dh-ser-tn\/#mainImage","width":1600,"height":1067},"primaryImageOfPage":{"@id":"https:\/\/www.commwithus.eu\/references\/appui-a-la-communication-appropriation-du-processus-de-la-decentralisation-en-tunisie-europeaid-139696-dh-ser-tn\/#mainImage"},"datePublished":"2019-12-02T08:32:41+00:00","dateModified":"2019-12-03T12:07:47+00:00"},{"@type":"WebSite","@id":"https:\/\/www.commwithus.eu\/references\/#website","url":"https:\/\/www.commwithus.eu\/references\/","name":"CommWithUs SA | Brussels-Belgium","description":"We link messages to life","inLanguage":"en-US","publisher":{"@id":"https:\/\/www.commwithus.eu\/references\/#organization"}}]},"og:locale":"en_US","og:site_name":"CommWithUs SA | Brussels-Belgium | We link messages to life","og:type":"article","og:title":"Appui \u00e0 la Communication\/Appropriation du processus de la d\u00e9centralisation en Tunisie\u2019 \u2013 EuropeAid \/139696\/DH\/SER\/TN | CommWithUs SA | Brussels-Belgium","og:url":"https:\/\/www.commwithus.eu\/references\/appui-a-la-communication-appropriation-du-processus-de-la-decentralisation-en-tunisie-europeaid-139696-dh-ser-tn\/","article:published_time":"2019-12-02T08:32:41+00:00","article:modified_time":"2019-12-03T12:07:47+00:00","twitter:card":"summary","twitter:title":"Appui \u00e0 la Communication\/Appropriation du processus de la d\u00e9centralisation en Tunisie\u2019 \u2013 EuropeAid \/139696\/DH\/SER\/TN | CommWithUs SA | Brussels-Belgium"},"aioseo_meta_data":{"post_id":"65","title":null,"description":null,"keywords":null,"keyphrases":null,"primary_term":null,"canonical_url":null,"og_title":null,"og_description":null,"og_object_type":"default","og_image_type":"default","og_image_url":null,"og_image_width":null,"og_image_height":null,"og_image_custom_url":null,"og_image_custom_fields":null,"og_video":null,"og_custom_url":null,"og_article_section":null,"og_article_tags":null,"twitter_use_og":false,"twitter_card":"default","twitter_image_type":"default","twitter_image_url":null,"twitter_image_custom_url":null,"twitter_image_custom_fields":null,"twitter_title":null,"twitter_description":null,"schema":{"blockGraphs":[],"customGraphs":[],"default":{"data":{"Article":[],"Course":[],"Dataset":[],"FAQPage":[],"Movie":[],"Person":[],"Product":[],"ProductReview":[],"Car":[],"Recipe":[],"Service":[],"SoftwareApplication":[],"WebPage":[]},"graphName":"Article","isEnabled":true},"graphs":[]},"schema_type":"default","schema_type_options":null,"pillar_content":false,"robots_default":true,"robots_noindex":false,"robots_noarchive":false,"robots_nosnippet":false,"robots_nofollow":false,"robots_noimageindex":false,"robots_noodp":false,"robots_notranslate":false,"robots_max_snippet":null,"robots_max_videopreview":null,"robots_max_imagepreview":"large","priority":null,"frequency":null,"local_seo":null,"breadcrumb_settings":null,"limit_modified_date":false,"ai":null,"created":"2021-12-09 14:59:05","updated":"2026-05-28 14:39:05","seo_analyzer_scan_date":null},"aioseo_breadcrumb":"<div class=\"aioseo-breadcrumbs\"><span class=\"aioseo-breadcrumb\">\n\t\t\t<a href=\"https:\/\/www.commwithus.eu\/references\" title=\"Home\">Home<\/a>\n\t\t<\/span><span class=\"aioseo-breadcrumb-separator\">&raquo;<\/span><span class=\"aioseo-breadcrumb\">\n\t\t\t<a href=\"https:\/\/www.commwithus.eu\/references\/category\/projects\/\" title=\"Projects\">Projects<\/a>\n\t\t<\/span><span class=\"aioseo-breadcrumb-separator\">&raquo;<\/span><span class=\"aioseo-breadcrumb\">\n\t\t\tAppui \u00e0 la Communication\/Appropriation du processus de la d\u00e9centralisation en Tunisie\u2019 \u2013 EuropeAid \/139696\/DH\/SER\/TN\n\t\t<\/span><\/div>","aioseo_breadcrumb_json":[{"label":"Home","link":"https:\/\/www.commwithus.eu\/references"},{"label":"Projects","link":"https:\/\/www.commwithus.eu\/references\/category\/projects\/"},{"label":"Appui \u00e0 la Communication\/Appropriation du processus de la d\u00e9centralisation en Tunisie&#8217; &#8211; EuropeAid \/139696\/DH\/SER\/TN","link":"https:\/\/www.commwithus.eu\/references\/appui-a-la-communication-appropriation-du-processus-de-la-decentralisation-en-tunisie-europeaid-139696-dh-ser-tn\/"}],"_links":{"self":[{"href":"https:\/\/www.commwithus.eu\/references\/wp-json\/wp\/v2\/posts\/65","targetHints":{"allow":["GET"]}}],"collection":[{"href":"https:\/\/www.commwithus.eu\/references\/wp-json\/wp\/v2\/posts"}],"about":[{"href":"https:\/\/www.commwithus.eu\/references\/wp-json\/wp\/v2\/types\/post"}],"author":[{"embeddable":true,"href":"https:\/\/www.commwithus.eu\/references\/wp-json\/wp\/v2\/users\/1"}],"replies":[{"embeddable":true,"href":"https:\/\/www.commwithus.eu\/references\/wp-json\/wp\/v2\/comments?post=65"}],"version-history":[{"count":5,"href":"https:\/\/www.commwithus.eu\/references\/wp-json\/wp\/v2\/posts\/65\/revisions"}],"predecessor-version":[{"id":133,"href":"https:\/\/www.commwithus.eu\/references\/wp-json\/wp\/v2\/posts\/65\/revisions\/133"}],"wp:featuredmedia":[{"embeddable":true,"href":"https:\/\/www.commwithus.eu\/references\/wp-json\/wp\/v2\/media\/66"}],"wp:attachment":[{"href":"https:\/\/www.commwithus.eu\/references\/wp-json\/wp\/v2\/media?parent=65"}],"wp:term":[{"taxonomy":"category","embeddable":true,"href":"https:\/\/www.commwithus.eu\/references\/wp-json\/wp\/v2\/categories?post=65"},{"taxonomy":"post_tag","embeddable":true,"href":"https:\/\/www.commwithus.eu\/references\/wp-json\/wp\/v2\/tags?post=65"}],"curies":[{"name":"wp","href":"https:\/\/api.w.org\/{rel}","templated":true}]}}