{"id":199,"date":"2024-06-07T07:58:20","date_gmt":"2024-06-07T07:58:20","guid":{"rendered":"https:\/\/www.commwithus.eu\/references\/?p=199"},"modified":"2024-06-07T07:58:20","modified_gmt":"2024-06-07T07:58:20","slug":"contrat-de-communication-et-diplomatie-publique-cameroun-intpa-yao-2023-ea-rp-0173","status":"publish","type":"post","link":"https:\/\/www.commwithus.eu\/references\/contrat-de-communication-et-diplomatie-publique-cameroun-intpa-yao-2023-ea-rp-0173\/","title":{"rendered":"Contrat de communication et diplomatie publique Cameroun INTPA\/YAO\/2023\/EA-RP\/0173"},"content":{"rendered":"<p style=\"text-align: justify;\"><strong>Objective:<\/strong><br \/>\nL\u2019objectif g\u00e9n\u00e9ral \u00e0 la r\u00e9alisation duquel cette action participe est le suivant renforcer et moderniser l\u2019image de l\u2019Union europ\u00e9enne, de souligner son r\u00f4le g\u00e9opolitique et de promouvoir ses int\u00e9r\u00eats et ses valeurs. Ceci, en mettant en valeur le partenariat EU-Cameroun et en montrant en quoi il r\u00e9pond aux pr\u00e9occupations de la population en g\u00e9n\u00e9ral et de la jeunesse camerounaise en particulier.<\/p>\n<table width=\"0\">\n<tbody>\n<tr>\n<td style=\"border-left: 0.5px #ff6633 solid;\" width=\"247\"><span class=\"theme_color\">Dates<\/span><\/td>\n<td style=\"border-left: 0.5px #ff6633 solid;\" width=\"282\"><span class=\"theme_color\">Country<\/span><\/td>\n<td style=\"border-left: 0.5px #ff6633 solid;\" width=\"282\"><span class=\"theme_color\">Budget<\/span><\/td>\n<td style=\"border-left: 0.5px #ff6633 solid;\" width=\"247\"><span class=\"theme_color\">Funding<\/span><\/td>\n<\/tr>\n<tr>\n<td width=\"247\"><span class=\"theme_color\">&gt;<\/span> 04\/2024 \u2013 04\/2027<\/td>\n<td width=\"282\"><span class=\"theme_color\">&gt;<\/span> Cameroun<\/td>\n<td width=\"282\"><span class=\"theme_color\">&gt;<\/span> EUR 1,500,000<\/td>\n<td width=\"247\"><span class=\"theme_color\">&gt;<\/span> EC<\/td>\n<\/tr>\n<\/tbody>\n<\/table>\n<p>&nbsp;<\/p>\n","protected":false},"excerpt":{"rendered":"<p>Objective: L\u2019objectif g\u00e9n\u00e9ral \u00e0 la r\u00e9alisation duquel cette action participe est le suivant renforcer et moderniser l\u2019image de l\u2019Union europ\u00e9enne, de souligner son r\u00f4le g\u00e9opolitique et de promouvoir ses int\u00e9r\u00eats et ses valeurs. Ceci, en mettant en valeur le partenariat EU-Cameroun et en montrant en quoi il r\u00e9pond aux pr\u00e9occupations de la population en g\u00e9n\u00e9ral [&hellip;]<\/p>\n","protected":false},"author":1,"featured_media":191,"comment_status":"closed","ping_status":"closed","sticky":false,"template":"","format":"standard","meta":{"footnotes":""},"categories":[2],"tags":[],"class_list":["post-199","post","type-post","status-publish","format-standard","has-post-thumbnail","hentry","category-projects"],"aioseo_notices":[],"aioseo_head":"\n\t\t<!-- All in One SEO 4.9.9 - aioseo.com -->\n\t<meta name=\"robots\" content=\"max-image-preview:large\" \/>\n\t<meta name=\"author\" content=\"admin\"\/>\n\t<link rel=\"canonical\" href=\"https:\/\/www.commwithus.eu\/references\/contrat-de-communication-et-diplomatie-publique-cameroun-intpa-yao-2023-ea-rp-0173\/\" \/>\n\t<meta name=\"generator\" content=\"All in One SEO (AIOSEO) 4.9.9\" \/>\n\t\t<meta property=\"og:locale\" content=\"en_US\" \/>\n\t\t<meta property=\"og:site_name\" content=\"CommWithUs SA | Brussels-Belgium | We link messages to life\" \/>\n\t\t<meta property=\"og:type\" content=\"article\" \/>\n\t\t<meta property=\"og:title\" content=\"Contrat de communication et diplomatie publique Cameroun INTPA\/YAO\/2023\/EA-RP\/0173 | CommWithUs SA | Brussels-Belgium\" \/>\n\t\t<meta property=\"og:url\" content=\"https:\/\/www.commwithus.eu\/references\/contrat-de-communication-et-diplomatie-publique-cameroun-intpa-yao-2023-ea-rp-0173\/\" \/>\n\t\t<meta property=\"article:published_time\" content=\"2024-06-07T07:58:20+00:00\" \/>\n\t\t<meta property=\"article:modified_time\" content=\"2024-06-07T07:58:20+00:00\" \/>\n\t\t<meta name=\"twitter:card\" content=\"summary\" \/>\n\t\t<meta name=\"twitter:title\" content=\"Contrat de communication et diplomatie publique Cameroun INTPA\/YAO\/2023\/EA-RP\/0173 | CommWithUs SA | Brussels-Belgium\" \/>\n\t\t<script type=\"application\/ld+json\" class=\"aioseo-schema\">\n\t\t\t{\"@context\":\"https:\\\/\\\/schema.org\",\"@graph\":[{\"@type\":\"Article\",\"@id\":\"https:\\\/\\\/www.commwithus.eu\\\/references\\\/contrat-de-communication-et-diplomatie-publique-cameroun-intpa-yao-2023-ea-rp-0173\\\/#article\",\"name\":\"Contrat de communication et diplomatie publique Cameroun INTPA\\\/YAO\\\/2023\\\/EA-RP\\\/0173 | CommWithUs SA | Brussels-Belgium\",\"headline\":\"Contrat de communication et diplomatie publique Cameroun INTPA\\\/YAO\\\/2023\\\/EA-RP\\\/0173\",\"author\":{\"@id\":\"https:\\\/\\\/www.commwithus.eu\\\/references\\\/author\\\/admin\\\/#author\"},\"publisher\":{\"@id\":\"https:\\\/\\\/www.commwithus.eu\\\/references\\\/#organization\"},\"image\":{\"@type\":\"ImageObject\",\"url\":\"https:\\\/\\\/www.commwithus.eu\\\/references\\\/wp-content\\\/uploads\\\/2024\\\/06\\\/5.-Cameroun-min.jpg\",\"width\":1920,\"height\":1080},\"datePublished\":\"2024-06-07T07:58:20+00:00\",\"dateModified\":\"2024-06-07T07:58:20+00:00\",\"inLanguage\":\"en-US\",\"mainEntityOfPage\":{\"@id\":\"https:\\\/\\\/www.commwithus.eu\\\/references\\\/contrat-de-communication-et-diplomatie-publique-cameroun-intpa-yao-2023-ea-rp-0173\\\/#webpage\"},\"isPartOf\":{\"@id\":\"https:\\\/\\\/www.commwithus.eu\\\/references\\\/contrat-de-communication-et-diplomatie-publique-cameroun-intpa-yao-2023-ea-rp-0173\\\/#webpage\"},\"articleSection\":\"Projects\"},{\"@type\":\"BreadcrumbList\",\"@id\":\"https:\\\/\\\/www.commwithus.eu\\\/references\\\/contrat-de-communication-et-diplomatie-publique-cameroun-intpa-yao-2023-ea-rp-0173\\\/#breadcrumblist\",\"itemListElement\":[{\"@type\":\"ListItem\",\"@id\":\"https:\\\/\\\/www.commwithus.eu\\\/references#listItem\",\"position\":1,\"name\":\"Home\",\"item\":\"https:\\\/\\\/www.commwithus.eu\\\/references\",\"nextItem\":{\"@type\":\"ListItem\",\"@id\":\"https:\\\/\\\/www.commwithus.eu\\\/references\\\/category\\\/projects\\\/#listItem\",\"name\":\"Projects\"}},{\"@type\":\"ListItem\",\"@id\":\"https:\\\/\\\/www.commwithus.eu\\\/references\\\/category\\\/projects\\\/#listItem\",\"position\":2,\"name\":\"Projects\",\"item\":\"https:\\\/\\\/www.commwithus.eu\\\/references\\\/category\\\/projects\\\/\",\"nextItem\":{\"@type\":\"ListItem\",\"@id\":\"https:\\\/\\\/www.commwithus.eu\\\/references\\\/contrat-de-communication-et-diplomatie-publique-cameroun-intpa-yao-2023-ea-rp-0173\\\/#listItem\",\"name\":\"Contrat de communication et diplomatie publique Cameroun INTPA\\\/YAO\\\/2023\\\/EA-RP\\\/0173\"},\"previousItem\":{\"@type\":\"ListItem\",\"@id\":\"https:\\\/\\\/www.commwithus.eu\\\/references#listItem\",\"name\":\"Home\"}},{\"@type\":\"ListItem\",\"@id\":\"https:\\\/\\\/www.commwithus.eu\\\/references\\\/contrat-de-communication-et-diplomatie-publique-cameroun-intpa-yao-2023-ea-rp-0173\\\/#listItem\",\"position\":3,\"name\":\"Contrat de communication et diplomatie publique Cameroun INTPA\\\/YAO\\\/2023\\\/EA-RP\\\/0173\",\"previousItem\":{\"@type\":\"ListItem\",\"@id\":\"https:\\\/\\\/www.commwithus.eu\\\/references\\\/category\\\/projects\\\/#listItem\",\"name\":\"Projects\"}}]},{\"@type\":\"Organization\",\"@id\":\"https:\\\/\\\/www.commwithus.eu\\\/references\\\/#organization\",\"name\":\"CommWithUs SA | Brussels-Belgium\",\"description\":\"We link messages to life\",\"url\":\"https:\\\/\\\/www.commwithus.eu\\\/references\\\/\"},{\"@type\":\"Person\",\"@id\":\"https:\\\/\\\/www.commwithus.eu\\\/references\\\/author\\\/admin\\\/#author\",\"url\":\"https:\\\/\\\/www.commwithus.eu\\\/references\\\/author\\\/admin\\\/\",\"name\":\"admin\",\"image\":{\"@type\":\"ImageObject\",\"@id\":\"https:\\\/\\\/www.commwithus.eu\\\/references\\\/contrat-de-communication-et-diplomatie-publique-cameroun-intpa-yao-2023-ea-rp-0173\\\/#authorImage\",\"url\":\"https:\\\/\\\/secure.gravatar.com\\\/avatar\\\/e3997739709f11a8145359c09b1d6eb59ebe1427bb90e84b1822580b72f3ba8e?s=96&d=mm&r=g\",\"width\":96,\"height\":96,\"caption\":\"admin\"}},{\"@type\":\"WebPage\",\"@id\":\"https:\\\/\\\/www.commwithus.eu\\\/references\\\/contrat-de-communication-et-diplomatie-publique-cameroun-intpa-yao-2023-ea-rp-0173\\\/#webpage\",\"url\":\"https:\\\/\\\/www.commwithus.eu\\\/references\\\/contrat-de-communication-et-diplomatie-publique-cameroun-intpa-yao-2023-ea-rp-0173\\\/\",\"name\":\"Contrat de communication et diplomatie publique Cameroun INTPA\\\/YAO\\\/2023\\\/EA-RP\\\/0173 | CommWithUs SA | Brussels-Belgium\",\"inLanguage\":\"en-US\",\"isPartOf\":{\"@id\":\"https:\\\/\\\/www.commwithus.eu\\\/references\\\/#website\"},\"breadcrumb\":{\"@id\":\"https:\\\/\\\/www.commwithus.eu\\\/references\\\/contrat-de-communication-et-diplomatie-publique-cameroun-intpa-yao-2023-ea-rp-0173\\\/#breadcrumblist\"},\"author\":{\"@id\":\"https:\\\/\\\/www.commwithus.eu\\\/references\\\/author\\\/admin\\\/#author\"},\"creator\":{\"@id\":\"https:\\\/\\\/www.commwithus.eu\\\/references\\\/author\\\/admin\\\/#author\"},\"image\":{\"@type\":\"ImageObject\",\"url\":\"https:\\\/\\\/www.commwithus.eu\\\/references\\\/wp-content\\\/uploads\\\/2024\\\/06\\\/5.-Cameroun-min.jpg\",\"@id\":\"https:\\\/\\\/www.commwithus.eu\\\/references\\\/contrat-de-communication-et-diplomatie-publique-cameroun-intpa-yao-2023-ea-rp-0173\\\/#mainImage\",\"width\":1920,\"height\":1080},\"primaryImageOfPage\":{\"@id\":\"https:\\\/\\\/www.commwithus.eu\\\/references\\\/contrat-de-communication-et-diplomatie-publique-cameroun-intpa-yao-2023-ea-rp-0173\\\/#mainImage\"},\"datePublished\":\"2024-06-07T07:58:20+00:00\",\"dateModified\":\"2024-06-07T07:58:20+00:00\"},{\"@type\":\"WebSite\",\"@id\":\"https:\\\/\\\/www.commwithus.eu\\\/references\\\/#website\",\"url\":\"https:\\\/\\\/www.commwithus.eu\\\/references\\\/\",\"name\":\"CommWithUs SA | Brussels-Belgium\",\"description\":\"We link messages to life\",\"inLanguage\":\"en-US\",\"publisher\":{\"@id\":\"https:\\\/\\\/www.commwithus.eu\\\/references\\\/#organization\"}}]}\n\t\t<\/script>\n\t\t<!-- All in One SEO -->\n\n","aioseo_head_json":{"title":"Contrat de communication et diplomatie publique Cameroun INTPA\/YAO\/2023\/EA-RP\/0173 | CommWithUs SA | Brussels-Belgium","description":"","canonical_url":"https:\/\/www.commwithus.eu\/references\/contrat-de-communication-et-diplomatie-publique-cameroun-intpa-yao-2023-ea-rp-0173\/","robots":"max-image-preview:large","keywords":"","webmasterTools":{"miscellaneous":""},"schema":{"@context":"https:\/\/schema.org","@graph":[{"@type":"Article","@id":"https:\/\/www.commwithus.eu\/references\/contrat-de-communication-et-diplomatie-publique-cameroun-intpa-yao-2023-ea-rp-0173\/#article","name":"Contrat de communication et diplomatie publique Cameroun INTPA\/YAO\/2023\/EA-RP\/0173 | CommWithUs SA | Brussels-Belgium","headline":"Contrat de communication et diplomatie publique Cameroun INTPA\/YAO\/2023\/EA-RP\/0173","author":{"@id":"https:\/\/www.commwithus.eu\/references\/author\/admin\/#author"},"publisher":{"@id":"https:\/\/www.commwithus.eu\/references\/#organization"},"image":{"@type":"ImageObject","url":"https:\/\/www.commwithus.eu\/references\/wp-content\/uploads\/2024\/06\/5.-Cameroun-min.jpg","width":1920,"height":1080},"datePublished":"2024-06-07T07:58:20+00:00","dateModified":"2024-06-07T07:58:20+00:00","inLanguage":"en-US","mainEntityOfPage":{"@id":"https:\/\/www.commwithus.eu\/references\/contrat-de-communication-et-diplomatie-publique-cameroun-intpa-yao-2023-ea-rp-0173\/#webpage"},"isPartOf":{"@id":"https:\/\/www.commwithus.eu\/references\/contrat-de-communication-et-diplomatie-publique-cameroun-intpa-yao-2023-ea-rp-0173\/#webpage"},"articleSection":"Projects"},{"@type":"BreadcrumbList","@id":"https:\/\/www.commwithus.eu\/references\/contrat-de-communication-et-diplomatie-publique-cameroun-intpa-yao-2023-ea-rp-0173\/#breadcrumblist","itemListElement":[{"@type":"ListItem","@id":"https:\/\/www.commwithus.eu\/references#listItem","position":1,"name":"Home","item":"https:\/\/www.commwithus.eu\/references","nextItem":{"@type":"ListItem","@id":"https:\/\/www.commwithus.eu\/references\/category\/projects\/#listItem","name":"Projects"}},{"@type":"ListItem","@id":"https:\/\/www.commwithus.eu\/references\/category\/projects\/#listItem","position":2,"name":"Projects","item":"https:\/\/www.commwithus.eu\/references\/category\/projects\/","nextItem":{"@type":"ListItem","@id":"https:\/\/www.commwithus.eu\/references\/contrat-de-communication-et-diplomatie-publique-cameroun-intpa-yao-2023-ea-rp-0173\/#listItem","name":"Contrat de communication et diplomatie publique Cameroun INTPA\/YAO\/2023\/EA-RP\/0173"},"previousItem":{"@type":"ListItem","@id":"https:\/\/www.commwithus.eu\/references#listItem","name":"Home"}},{"@type":"ListItem","@id":"https:\/\/www.commwithus.eu\/references\/contrat-de-communication-et-diplomatie-publique-cameroun-intpa-yao-2023-ea-rp-0173\/#listItem","position":3,"name":"Contrat de communication et diplomatie publique Cameroun INTPA\/YAO\/2023\/EA-RP\/0173","previousItem":{"@type":"ListItem","@id":"https:\/\/www.commwithus.eu\/references\/category\/projects\/#listItem","name":"Projects"}}]},{"@type":"Organization","@id":"https:\/\/www.commwithus.eu\/references\/#organization","name":"CommWithUs SA | Brussels-Belgium","description":"We link messages to life","url":"https:\/\/www.commwithus.eu\/references\/"},{"@type":"Person","@id":"https:\/\/www.commwithus.eu\/references\/author\/admin\/#author","url":"https:\/\/www.commwithus.eu\/references\/author\/admin\/","name":"admin","image":{"@type":"ImageObject","@id":"https:\/\/www.commwithus.eu\/references\/contrat-de-communication-et-diplomatie-publique-cameroun-intpa-yao-2023-ea-rp-0173\/#authorImage","url":"https:\/\/secure.gravatar.com\/avatar\/e3997739709f11a8145359c09b1d6eb59ebe1427bb90e84b1822580b72f3ba8e?s=96&d=mm&r=g","width":96,"height":96,"caption":"admin"}},{"@type":"WebPage","@id":"https:\/\/www.commwithus.eu\/references\/contrat-de-communication-et-diplomatie-publique-cameroun-intpa-yao-2023-ea-rp-0173\/#webpage","url":"https:\/\/www.commwithus.eu\/references\/contrat-de-communication-et-diplomatie-publique-cameroun-intpa-yao-2023-ea-rp-0173\/","name":"Contrat de communication et diplomatie publique Cameroun INTPA\/YAO\/2023\/EA-RP\/0173 | CommWithUs SA | Brussels-Belgium","inLanguage":"en-US","isPartOf":{"@id":"https:\/\/www.commwithus.eu\/references\/#website"},"breadcrumb":{"@id":"https:\/\/www.commwithus.eu\/references\/contrat-de-communication-et-diplomatie-publique-cameroun-intpa-yao-2023-ea-rp-0173\/#breadcrumblist"},"author":{"@id":"https:\/\/www.commwithus.eu\/references\/author\/admin\/#author"},"creator":{"@id":"https:\/\/www.commwithus.eu\/references\/author\/admin\/#author"},"image":{"@type":"ImageObject","url":"https:\/\/www.commwithus.eu\/references\/wp-content\/uploads\/2024\/06\/5.-Cameroun-min.jpg","@id":"https:\/\/www.commwithus.eu\/references\/contrat-de-communication-et-diplomatie-publique-cameroun-intpa-yao-2023-ea-rp-0173\/#mainImage","width":1920,"height":1080},"primaryImageOfPage":{"@id":"https:\/\/www.commwithus.eu\/references\/contrat-de-communication-et-diplomatie-publique-cameroun-intpa-yao-2023-ea-rp-0173\/#mainImage"},"datePublished":"2024-06-07T07:58:20+00:00","dateModified":"2024-06-07T07:58:20+00:00"},{"@type":"WebSite","@id":"https:\/\/www.commwithus.eu\/references\/#website","url":"https:\/\/www.commwithus.eu\/references\/","name":"CommWithUs SA | Brussels-Belgium","description":"We link messages to life","inLanguage":"en-US","publisher":{"@id":"https:\/\/www.commwithus.eu\/references\/#organization"}}]},"og:locale":"en_US","og:site_name":"CommWithUs SA | Brussels-Belgium | We link messages to life","og:type":"article","og:title":"Contrat de communication et diplomatie publique Cameroun INTPA\/YAO\/2023\/EA-RP\/0173 | CommWithUs SA | Brussels-Belgium","og:url":"https:\/\/www.commwithus.eu\/references\/contrat-de-communication-et-diplomatie-publique-cameroun-intpa-yao-2023-ea-rp-0173\/","article:published_time":"2024-06-07T07:58:20+00:00","article:modified_time":"2024-06-07T07:58:20+00:00","twitter:card":"summary","twitter:title":"Contrat de communication et diplomatie publique Cameroun INTPA\/YAO\/2023\/EA-RP\/0173 | CommWithUs SA | Brussels-Belgium"},"aioseo_meta_data":{"post_id":"199","title":null,"description":null,"keywords":[],"keyphrases":{"focus":{"keyphrase":"","score":0,"analysis":{"keyphraseInTitle":{"score":0,"maxScore":9,"error":1}}},"additional":[]},"primary_term":null,"canonical_url":null,"og_title":null,"og_description":null,"og_object_type":"default","og_image_type":"default","og_image_url":null,"og_image_width":null,"og_image_height":null,"og_image_custom_url":null,"og_image_custom_fields":null,"og_video":"","og_custom_url":null,"og_article_section":null,"og_article_tags":[],"twitter_use_og":false,"twitter_card":"default","twitter_image_type":"default","twitter_image_url":null,"twitter_image_custom_url":null,"twitter_image_custom_fields":null,"twitter_title":null,"twitter_description":null,"schema":{"blockGraphs":[],"customGraphs":[],"default":{"data":{"Article":[],"Course":[],"Dataset":[],"FAQPage":[],"Movie":[],"Person":[],"Product":[],"ProductReview":[],"Car":[],"Recipe":[],"Service":[],"SoftwareApplication":[],"WebPage":[]},"graphName":"Article","isEnabled":true},"graphs":[]},"schema_type":"default","schema_type_options":null,"pillar_content":false,"robots_default":true,"robots_noindex":false,"robots_noarchive":false,"robots_nosnippet":false,"robots_nofollow":false,"robots_noimageindex":false,"robots_noodp":false,"robots_notranslate":false,"robots_max_snippet":"-1","robots_max_videopreview":"-1","robots_max_imagepreview":"large","priority":null,"frequency":"default","local_seo":null,"breadcrumb_settings":null,"limit_modified_date":false,"ai":null,"created":"2024-06-07 07:57:17","updated":"2026-05-28 15:07:51","seo_analyzer_scan_date":null},"aioseo_breadcrumb":"<div class=\"aioseo-breadcrumbs\"><span class=\"aioseo-breadcrumb\">\n\t\t\t<a href=\"https:\/\/www.commwithus.eu\/references\" title=\"Home\">Home<\/a>\n\t\t<\/span><span class=\"aioseo-breadcrumb-separator\">&raquo;<\/span><span class=\"aioseo-breadcrumb\">\n\t\t\t<a href=\"https:\/\/www.commwithus.eu\/references\/category\/projects\/\" title=\"Projects\">Projects<\/a>\n\t\t<\/span><span class=\"aioseo-breadcrumb-separator\">&raquo;<\/span><span class=\"aioseo-breadcrumb\">\n\t\t\tContrat de communication et diplomatie publique Cameroun INTPA\/YAO\/2023\/EA-RP\/0173\n\t\t<\/span><\/div>","aioseo_breadcrumb_json":[{"label":"Home","link":"https:\/\/www.commwithus.eu\/references"},{"label":"Projects","link":"https:\/\/www.commwithus.eu\/references\/category\/projects\/"},{"label":"Contrat de communication et diplomatie publique Cameroun INTPA\/YAO\/2023\/EA-RP\/0173","link":"https:\/\/www.commwithus.eu\/references\/contrat-de-communication-et-diplomatie-publique-cameroun-intpa-yao-2023-ea-rp-0173\/"}],"_links":{"self":[{"href":"https:\/\/www.commwithus.eu\/references\/wp-json\/wp\/v2\/posts\/199","targetHints":{"allow":["GET"]}}],"collection":[{"href":"https:\/\/www.commwithus.eu\/references\/wp-json\/wp\/v2\/posts"}],"about":[{"href":"https:\/\/www.commwithus.eu\/references\/wp-json\/wp\/v2\/types\/post"}],"author":[{"embeddable":true,"href":"https:\/\/www.commwithus.eu\/references\/wp-json\/wp\/v2\/users\/1"}],"replies":[{"embeddable":true,"href":"https:\/\/www.commwithus.eu\/references\/wp-json\/wp\/v2\/comments?post=199"}],"version-history":[{"count":1,"href":"https:\/\/www.commwithus.eu\/references\/wp-json\/wp\/v2\/posts\/199\/revisions"}],"predecessor-version":[{"id":200,"href":"https:\/\/www.commwithus.eu\/references\/wp-json\/wp\/v2\/posts\/199\/revisions\/200"}],"wp:featuredmedia":[{"embeddable":true,"href":"https:\/\/www.commwithus.eu\/references\/wp-json\/wp\/v2\/media\/191"}],"wp:attachment":[{"href":"https:\/\/www.commwithus.eu\/references\/wp-json\/wp\/v2\/media?parent=199"}],"wp:term":[{"taxonomy":"category","embeddable":true,"href":"https:\/\/www.commwithus.eu\/references\/wp-json\/wp\/v2\/categories?post=199"},{"taxonomy":"post_tag","embeddable":true,"href":"https:\/\/www.commwithus.eu\/references\/wp-json\/wp\/v2\/tags?post=199"}],"curies":[{"name":"wp","href":"https:\/\/api.w.org\/{rel}","templated":true}]}}